{"id":180,"date":"2024-03-30T14:00:14","date_gmt":"2024-03-30T17:00:14","guid":{"rendered":"https:\/\/inctnanoagro.com.br\/?p=180"},"modified":"2025-02-21T15:48:45","modified_gmt":"2025-02-21T18:48:45","slug":"ufmt-integra-instituto-nacional-de-nanotecnologia","status":"publish","type":"post","link":"https:\/\/inctnanoagro.com.br\/en\/ufmt-integra-instituto-nacional-de-nanotecnologia\/","title":{"rendered":"UFMT integra Instituto nacional de nanotecnologia"},"content":{"rendered":"<h2>Projeto visa agricultura sustent\u00e1vel e de baixo carbono<\/h2>\n<p>Com objetivo de ser refer\u00eancia no desenvolvimento de nanotecnologias para aplica\u00e7\u00f5es em agricultura sustent\u00e1vel no pa\u00eds, o Instituto Nacional de Ci\u00eancia e Tecnologia (INCT) Nano-Agro, \u00e9 um dos 42 projetos apoiados pelo Programa dos INCTs, do Minist\u00e9rio da Ci\u00eancia, Tecnologia e Inova\u00e7\u00e3o (MCTI) e o Conselho Nacional de Desenvolvimento Cient\u00edfico e Tecnol\u00f3gico (CNPq).<\/p>\n<p>O projeto, que visa contribuir para transformar resultados de Pesquisa e Desenvolvimento (P&amp;D) em produtos e\/ou processos lucrativos, seguros e sustent\u00e1veis para a agricultura, atrav\u00e9s da intera\u00e7\u00e3o com o setor produtivo, conta com a participa\u00e7\u00e3o do pesquisador da Universidade Federal de Mato Grosso (UFMT), docente Ailton Terezo, que complementa que a proposta alcan\u00e7a a cria\u00e7\u00e3o de novas empresas de base tecnol\u00f3gica, inova\u00e7\u00f5es sociais e forma\u00e7\u00e3o de recursos humanos especializados para atuar no Agro do futuro.<\/p>\n<p><img fetchpriority=\"high\" decoding=\"async\" class=\"alignnone wp-image-181 size-large\" src=\"https:\/\/inctnanoagro.com.br\/wp-content\/uploads\/2024\/03\/1703763175-1024x1024.jpg\" alt=\"\" width=\"800\" height=\"800\" srcset=\"https:\/\/inctnanoagro.com.br\/wp-content\/uploads\/2024\/03\/1703763175-1024x1024.jpg 1024w, https:\/\/inctnanoagro.com.br\/wp-content\/uploads\/2024\/03\/1703763175-300x300.jpg 300w, https:\/\/inctnanoagro.com.br\/wp-content\/uploads\/2024\/03\/1703763175-150x150.jpg 150w, https:\/\/inctnanoagro.com.br\/wp-content\/uploads\/2024\/03\/1703763175-768x768.jpg 768w, https:\/\/inctnanoagro.com.br\/wp-content\/uploads\/2024\/03\/1703763175.jpg 1200w\" sizes=\"(max-width: 800px) 100vw, 800px\" \/><\/p>\n<p>&nbsp;<\/p>\n<p>\u201cA parceria foi constru\u00edda a partir de uma colabora\u00e7\u00e3o com o Professor . Halley Caixeta de Oliveira, do Departamento de Biologia da Universidade Estadual de Londrina (UEL), que \u00e9 o vice-coordenador do INCT NanoAgro. Na UEL desenvolvemos estudos de efeito de nanomateriais sobre o comportamento de plantas, como por exemplo soja e milho, testados at\u00e9 o momento\u201d, explicou.<\/p>\n<p>Ele acrescentou que o INCT ser\u00e1 coordenado pelo pesquisador do Instituto de Ci\u00eancia e Tecnologia de Sorocaba, da Universidade Estadual Paulista (Unesp), Leonardo Fraceto. \u201cTamb\u00e9m integram o Comit\u00ea Gestor do INCT os pesquisadores doutores Maria Carolina Blassioli Moraes da Embrapa\/Cenargen, Erika Alvim de S\u00e1 e Benevides da Fundacentro, Diego St\u00e9fani Teodoro Martinez da LNNano\/CNPEM, Vera Castro Embrapa\/Meio Ambiente, Adriano Arru\u00e9 Melo da UFSM, e Lu\u00eds Renato Balbao Andrade tamb\u00e9m da Fundacentro\u201d, disse.<\/p>\n<p>Ampla rede de coopera\u00e7\u00e3o<\/p>\n<p>De acordo com o coordenador, Leonardo Fraceto, o INCT NanoAgro ter\u00e1 como objetivo qualificar recursos humanos de alto n\u00edvel de diferentes \u00e1reas para promover avan\u00e7os na fronteira do conhecimento em Nanotecnologia para Agricultura Sustent\u00e1vel como forma de agregar valor a produtos e processos, bem como, avaliar os impactos destas novas tecnologias.<\/p>\n<p>\u201cEspera-se desta forma que o INCT NanoAgro possa al\u00e9m da gera\u00e7\u00e3o de conhecimento cient\u00edfico e tecnol\u00f3gico que possa atuar na difus\u00e3o de conhecimento para a sociedade e transform\u00e1-los em produtos que possam contribuir para uma agricultura cada vez mais sustent\u00e1vel, resiliente e de baixo carbono\u201d, destacou.<\/p>\n<p><img decoding=\"async\" class=\"alignnone wp-image-182 size-large\" src=\"https:\/\/inctnanoagro.com.br\/wp-content\/uploads\/2024\/03\/1703763195-1024x1024.jpg\" alt=\"\" width=\"800\" height=\"800\" srcset=\"https:\/\/inctnanoagro.com.br\/wp-content\/uploads\/2024\/03\/1703763195-1024x1024.jpg 1024w, https:\/\/inctnanoagro.com.br\/wp-content\/uploads\/2024\/03\/1703763195-300x300.jpg 300w, https:\/\/inctnanoagro.com.br\/wp-content\/uploads\/2024\/03\/1703763195-150x150.jpg 150w, https:\/\/inctnanoagro.com.br\/wp-content\/uploads\/2024\/03\/1703763195-768x768.jpg 768w, https:\/\/inctnanoagro.com.br\/wp-content\/uploads\/2024\/03\/1703763195.jpg 1200w\" sizes=\"(max-width: 800px) 100vw, 800px\" \/><\/p>\n<p>Sobre a equipe, Ailton Terezo destacou que o INCT NanoAgro conta com a participa\u00e7\u00e3o multidisciplinar de pesquisadores da Universidade Federal do Pampa (Unipama), Universidade Regional Integrada do Alto Uruguai e das Miss\u00f5es (URI), Universidade de Sorocaba (UNISO), Universidade Federal de S\u00e3o Carlos (UFSCar), Centro de Energia Nuclear na Agricultura da Universidade de S\u00e3o Paulo (CENA\/USP) e Universidade Federal do ABC (UFABC) no Brasil,<\/p>\n<p>\u201cTemos tamb\u00e9m v\u00e1rios colaboradores internacionais da Austr\u00e1lia, Espanha, Gr\u00e9cia, Chile, EUA, Esc\u00f3cia, Inglaterra, Rep\u00fablica Tcheca, Portugal, \u00cdndia, Canad\u00e1, Chipre, Argentina, It\u00e1lia e Hungria. Em conjunto, esses pesquisadores atuam de forma multidisciplinar em \u00e1reas como: Biologia, Qu\u00edmica, Agronomia, Microbiologia, Biotecnologia, Fisiologia Vegetal, Fitotecnia, Ci\u00eancias Ambientais, Gen\u00e9tica, Toxicologia, Ecologia, dentre outras ramifica\u00e7\u00f5es\u201d, finalizou.<\/p>\n<p>&nbsp;<\/p>\n<p>Fonte: <a href=\"https:\/\/www.ufmt.br\/noticias\/ufmt-integra-instituto-nacional-de-nanotecnologia-1703763201\" target=\"_blank\" rel=\"noopener\">https:\/\/www.ufmt.br\/noticias\/ufmt-integra-instituto-nacional-de-nanotecnologia-1703763201<\/a><\/p>","protected":false},"excerpt":{"rendered":"<p>Projeto visa agricultura sustent\u00e1vel e de baixo carbono Com objetivo de ser refer\u00eancia no desenvolvimento de nanotecnologias para aplica\u00e7\u00f5es em agricultura sustent\u00e1vel no pa\u00eds, o Instituto Nacional de Ci\u00eancia e Tecnologia (INCT) Nano-Agro, \u00e9 um dos 42 projetos apoiados pelo Programa dos INCTs, do Minist\u00e9rio da Ci\u00eancia, Tecnologia e Inova\u00e7\u00e3o (MCTI) e o Conselho Nacional [&hellip;]<\/p>","protected":false},"author":1,"featured_media":183,"comment_status":"closed","ping_status":"open","sticky":false,"template":"","format":"standard","meta":{"footnotes":""},"categories":[12,1],"tags":[],"class_list":["post-180","post","type-post","status-publish","format-standard","has-post-thumbnail","hentry","category-na-midia","category-noticias"],"_links":{"self":[{"href":"https:\/\/inctnanoagro.com.br\/en\/wp-json\/wp\/v2\/posts\/180","targetHints":{"allow":["GET"]}}],"collection":[{"href":"https:\/\/inctnanoagro.com.br\/en\/wp-json\/wp\/v2\/posts"}],"about":[{"href":"https:\/\/inctnanoagro.com.br\/en\/wp-json\/wp\/v2\/types\/post"}],"author":[{"embeddable":true,"href":"https:\/\/inctnanoagro.com.br\/en\/wp-json\/wp\/v2\/users\/1"}],"replies":[{"embeddable":true,"href":"https:\/\/inctnanoagro.com.br\/en\/wp-json\/wp\/v2\/comments?post=180"}],"version-history":[{"count":1,"href":"https:\/\/inctnanoagro.com.br\/en\/wp-json\/wp\/v2\/posts\/180\/revisions"}],"predecessor-version":[{"id":184,"href":"https:\/\/inctnanoagro.com.br\/en\/wp-json\/wp\/v2\/posts\/180\/revisions\/184"}],"wp:featuredmedia":[{"embeddable":true,"href":"https:\/\/inctnanoagro.com.br\/en\/wp-json\/wp\/v2\/media\/183"}],"wp:attachment":[{"href":"https:\/\/inctnanoagro.com.br\/en\/wp-json\/wp\/v2\/media?parent=180"}],"wp:term":[{"taxonomy":"category","embeddable":true,"href":"https:\/\/inctnanoagro.com.br\/en\/wp-json\/wp\/v2\/categories?post=180"},{"taxonomy":"post_tag","embeddable":true,"href":"https:\/\/inctnanoagro.com.br\/en\/wp-json\/wp\/v2\/tags?post=180"}],"curies":[{"name":"wp","href":"https:\/\/api.w.org\/{rel}","templated":true}]}}