{"id":1407,"date":"2025-06-10T14:03:45","date_gmt":"2025-06-10T17:03:45","guid":{"rendered":"https:\/\/inctnanoagro.com.br\/?p=1407"},"modified":"2025-06-10T14:04:45","modified_gmt":"2025-06-10T17:04:45","slug":"inct-nanoagro-marca-presenca-no-mobi-2025","status":"publish","type":"post","link":"https:\/\/inctnanoagro.com.br\/en\/inct-nanoagro-marca-presenca-no-mobi-2025\/","title":{"rendered":"INCT NanoAgro marca presen\u00e7a no MOBI 2025 com startups, laborat\u00f3rios e reflex\u00f5es sobre inova\u00e7\u00e3o cient\u00edfica"},"content":{"rendered":"<figure id=\"attachment_1410\" aria-describedby=\"caption-attachment-1410\" style=\"width: 800px\" class=\"wp-caption alignnone\"><img fetchpriority=\"high\" decoding=\"async\" class=\"size-large wp-image-1410\" src=\"https:\/\/inctnanoagro.com.br\/wp-content\/uploads\/2025\/06\/9-1024x576.png\" alt=\"\" width=\"800\" height=\"450\" srcset=\"https:\/\/inctnanoagro.com.br\/wp-content\/uploads\/2025\/06\/9-1024x576.png 1024w, https:\/\/inctnanoagro.com.br\/wp-content\/uploads\/2025\/06\/9-300x169.png 300w, https:\/\/inctnanoagro.com.br\/wp-content\/uploads\/2025\/06\/9-768x432.png 768w, https:\/\/inctnanoagro.com.br\/wp-content\/uploads\/2025\/06\/9-1536x864.png 1536w, https:\/\/inctnanoagro.com.br\/wp-content\/uploads\/2025\/06\/9-18x10.png 18w, https:\/\/inctnanoagro.com.br\/wp-content\/uploads\/2025\/06\/9.png 1920w\" sizes=\"(max-width: 800px) 100vw, 800px\" \/><figcaption id=\"caption-attachment-1410\" class=\"wp-caption-text\">Bolsistas do Environmental Nano Lab expondo seu trabalho no MOBI 2025.<\/figcaption><\/figure>\n<p>&nbsp;<\/p>\n<p><span style=\"font-weight: 400;\">Entre os dias de evento do MOBI 2025, o INCT NanoAgro participou ativamente da programa\u00e7\u00e3o, promovendo a integra\u00e7\u00e3o entre ci\u00eancia, empreendedorismo e transfer\u00eancia de tecnologias. A participa\u00e7\u00e3o refor\u00e7a o compromisso do instituto com a conex\u00e3o entre universidade e sociedade, levando ao p\u00fablico exemplos concretos de como a nanotecnologia pode contribuir para solu\u00e7\u00f5es sustent\u00e1veis no campo.<\/span><\/p>\n<p>&nbsp;<\/p>\n<h3><b>Confira a seguir os principais destaques da nossa participa\u00e7\u00e3o no festival:<\/b><\/h3>\n<p><span style=\"font-weight: 400;\">Tivemos startups e grupos de pesquisa ligados ao INCT expondo no evento: a B.nano e a Priobio interagiram com o p\u00fablico presente no MOBI e apresentaram o funcionamento de seus produtos e servi\u00e7os. Al\u00e9m disso, o Environment NanoLab e o Labiton mostraram alguns experimentos que utilizam nanotecnologias para melhorar o crescimento e a resist\u00eancia das plantas e combater pragas.<\/span><\/p>\n<p>&nbsp;<\/p>\n<figure id=\"attachment_1409\" aria-describedby=\"caption-attachment-1409\" style=\"width: 800px\" class=\"wp-caption alignnone\"><img decoding=\"async\" class=\"size-large wp-image-1409\" src=\"https:\/\/inctnanoagro.com.br\/wp-content\/uploads\/2025\/06\/10-1024x576.png\" alt=\"\" width=\"800\" height=\"450\" srcset=\"https:\/\/inctnanoagro.com.br\/wp-content\/uploads\/2025\/06\/10-1024x576.png 1024w, https:\/\/inctnanoagro.com.br\/wp-content\/uploads\/2025\/06\/10-300x169.png 300w, https:\/\/inctnanoagro.com.br\/wp-content\/uploads\/2025\/06\/10-768x432.png 768w, https:\/\/inctnanoagro.com.br\/wp-content\/uploads\/2025\/06\/10-1536x864.png 1536w, https:\/\/inctnanoagro.com.br\/wp-content\/uploads\/2025\/06\/10-18x10.png 18w, https:\/\/inctnanoagro.com.br\/wp-content\/uploads\/2025\/06\/10.png 1920w\" sizes=\"(max-width: 800px) 100vw, 800px\" \/><figcaption id=\"caption-attachment-1409\" class=\"wp-caption-text\">Experimentos mostrando o potencial das nanotecnologias no combate a pragas e ao est\u00edmulo do crescimento de plantas.<\/figcaption><\/figure>\n<p>&nbsp;<\/p>\n<h3>Fazendo as perguntas certas:<\/h3>\n<p><span style=\"font-weight: 400;\">Leonardo Fraceto, professor da UNESP e coordenador do INCT, contou sua trajet\u00f3ria como pesquisador. Mostrou como os programas de inova\u00e7\u00e3o ajudaram a transformar a forma como suas pesquisas s\u00e3o aplicadas. Com isso, fechou parcerias com grandes empresas, levantou financiamento para projetos e apoiou seus alunos na cria\u00e7\u00e3o de startups e na transfer\u00eancia de tecnologias.<\/span><\/p>\n<blockquote><p><span style=\"font-weight: 400;\">\u201cEm um programa de acelera\u00e7\u00e3o que participei em 2019, vi que n\u00f3s, pesquisadores, precisamos aprender a fazer as perguntas certas. Ao ir ao campo perguntar para o agricultor: \u2018Qual \u00e9 o seu problema?\u2019, eu aprendi a direcionar as tecnologias desenvolvidas no laborat\u00f3rio para as necessidades reais do mercado. Depois disso, aumentei a quantidade de parcerias que captei junto a empresas, o que se converteu em bolsas, infraestrutura e novas tecnologias desenvolvidas\u201d, explicou o professor Leonardo Fraceto durante o painel no MOBI.<\/span><\/p><\/blockquote>\n<figure id=\"attachment_1408\" aria-describedby=\"caption-attachment-1408\" style=\"width: 800px\" class=\"wp-caption alignnone\"><img decoding=\"async\" class=\"size-large wp-image-1408\" src=\"https:\/\/inctnanoagro.com.br\/wp-content\/uploads\/2025\/06\/11-1024x576.png\" alt=\"\" width=\"800\" height=\"450\" srcset=\"https:\/\/inctnanoagro.com.br\/wp-content\/uploads\/2025\/06\/11-1024x576.png 1024w, https:\/\/inctnanoagro.com.br\/wp-content\/uploads\/2025\/06\/11-300x169.png 300w, https:\/\/inctnanoagro.com.br\/wp-content\/uploads\/2025\/06\/11-768x432.png 768w, https:\/\/inctnanoagro.com.br\/wp-content\/uploads\/2025\/06\/11-1536x864.png 1536w, https:\/\/inctnanoagro.com.br\/wp-content\/uploads\/2025\/06\/11-18x10.png 18w, https:\/\/inctnanoagro.com.br\/wp-content\/uploads\/2025\/06\/11.png 1920w\" sizes=\"(max-width: 800px) 100vw, 800px\" \/><figcaption id=\"caption-attachment-1408\" class=\"wp-caption-text\">O professor da UNESP e Coordenador do INCT Nano Agro, Leonardo Fraceto, em palestra durante o MOBI 2025.<\/figcaption><\/figure>\n<p><span style=\"font-weight: 400;\">A nossa coordenadora de comunica\u00e7\u00e3o, Maristela Meireles, trabalhou por mais de 7 anos ajudando startups a desenhar produtos para o mercado. Durante o painel, explicou para os alunos de gradua\u00e7\u00e3o e p\u00f3s-gradua\u00e7\u00e3o como incorporar as demandas do mercado nos projetos de pesquisa \u2014 uma estrat\u00e9gia que aumenta as chances de parcerias e de transfer\u00eancia de tecnologias.<\/span><\/p>\n<p>&nbsp;<\/p>\n<blockquote><p><span style=\"font-weight: 400;\">\u201c\u00c9 comum ver os pesquisadores acertarem na trave quando tentam levar suas tecnologias para o mercado. Ele desenvolve a tecnologia at\u00e9 chegar \u00e0 maturidade t\u00e9cnica, consegue patentear, mas, quando vai conversar com as empresas, o \u2018plug and play\u2019 n\u00e3o acontece. Para evitar essa situa\u00e7\u00e3o, \u00e9 muito importante sair do laborat\u00f3rio, entender as demandas do mercado e transformar as restri\u00e7\u00f5es em par\u00e2metros de sucesso do seu desenvolvimento tecnol\u00f3gico. Assim, ele aumenta muito a chance de conseguir criar o cen\u00e1rio favor\u00e1vel para um licenciamento ou lan\u00e7amento de produto no mercado\u201d, orienta Maristela.<\/span><\/p><\/blockquote>\n<p>&nbsp;<\/p>\n<p><span style=\"font-weight: 400;\">Tamb\u00e9m participaram do painel a especialista em ecossistemas de inova\u00e7\u00e3o M\u00e1yra Bel\u00e9m e o especialista em direito para inova\u00e7\u00e3o, Raphael Di Tommaso.<\/span><\/p>\n<p>&nbsp;<\/p>\n<p><span style=\"font-weight: 400;\">Agradecemos \u00e0 organiza\u00e7\u00e3o do MOBI pelo convite e parabenizamos a professora Renata Lima e a equipe da UNISO pela curadoria e realiza\u00e7\u00e3o do festival. Foi um evento inspirador, com di\u00e1logos relevantes e oportunidade de aproxima\u00e7\u00e3o entre pesquisa cient\u00edfica, mercado e pol\u00edticas p\u00fablicas. Seguimos na expectativa pelas pr\u00f3ximas edi\u00e7\u00f5es!<\/span><\/p>","protected":false},"excerpt":{"rendered":"<p>&nbsp; Entre os dias de evento do MOBI 2025, o INCT NanoAgro participou ativamente da programa\u00e7\u00e3o, promovendo a integra\u00e7\u00e3o entre ci\u00eancia, empreendedorismo e transfer\u00eancia de tecnologias. A participa\u00e7\u00e3o refor\u00e7a o compromisso do instituto com a conex\u00e3o entre universidade e sociedade, levando ao p\u00fablico exemplos concretos de como a nanotecnologia pode contribuir para solu\u00e7\u00f5es sustent\u00e1veis no [&hellip;]<\/p>","protected":false},"author":4,"featured_media":1410,"comment_status":"closed","ping_status":"open","sticky":false,"template":"","format":"standard","meta":{"footnotes":""},"categories":[37,1],"tags":[],"class_list":["post-1407","post","type-post","status-publish","format-standard","has-post-thumbnail","hentry","category-atividades-e-eventos","category-noticias"],"_links":{"self":[{"href":"https:\/\/inctnanoagro.com.br\/en\/wp-json\/wp\/v2\/posts\/1407","targetHints":{"allow":["GET"]}}],"collection":[{"href":"https:\/\/inctnanoagro.com.br\/en\/wp-json\/wp\/v2\/posts"}],"about":[{"href":"https:\/\/inctnanoagro.com.br\/en\/wp-json\/wp\/v2\/types\/post"}],"author":[{"embeddable":true,"href":"https:\/\/inctnanoagro.com.br\/en\/wp-json\/wp\/v2\/users\/4"}],"replies":[{"embeddable":true,"href":"https:\/\/inctnanoagro.com.br\/en\/wp-json\/wp\/v2\/comments?post=1407"}],"version-history":[{"count":1,"href":"https:\/\/inctnanoagro.com.br\/en\/wp-json\/wp\/v2\/posts\/1407\/revisions"}],"predecessor-version":[{"id":1411,"href":"https:\/\/inctnanoagro.com.br\/en\/wp-json\/wp\/v2\/posts\/1407\/revisions\/1411"}],"wp:featuredmedia":[{"embeddable":true,"href":"https:\/\/inctnanoagro.com.br\/en\/wp-json\/wp\/v2\/media\/1410"}],"wp:attachment":[{"href":"https:\/\/inctnanoagro.com.br\/en\/wp-json\/wp\/v2\/media?parent=1407"}],"wp:term":[{"taxonomy":"category","embeddable":true,"href":"https:\/\/inctnanoagro.com.br\/en\/wp-json\/wp\/v2\/categories?post=1407"},{"taxonomy":"post_tag","embeddable":true,"href":"https:\/\/inctnanoagro.com.br\/en\/wp-json\/wp\/v2\/tags?post=1407"}],"curies":[{"name":"wp","href":"https:\/\/api.w.org\/{rel}","templated":true}]}}