{"id":1083,"date":"2024-10-08T15:54:41","date_gmt":"2024-10-08T18:54:41","guid":{"rendered":"https:\/\/inctnanoagro.com.br\/?p=1083"},"modified":"2025-02-21T15:46:25","modified_gmt":"2025-02-21T18:46:25","slug":"tem-noticias-2a-edicao-estiagem-prolongada-prejudica-produtores-rurais-da-regiao-de-sorocaba","status":"publish","type":"post","link":"https:\/\/inctnanoagro.com.br\/en\/tem-noticias-2a-edicao-estiagem-prolongada-prejudica-produtores-rurais-da-regiao-de-sorocaba\/","title":{"rendered":"TEM Not\u00edcias 2\u00aa Edi\u00e7\u00e3o: Estiagem prolongada prejudica produtores rurais da regi\u00e3o de Sorocaba"},"content":{"rendered":"<p>O Prof. Dr. Gerson Medeiros, da Universidade Estadual Paulista (UNESP) e integrante do INCT NanoAgro, participou do TEM Not\u00edcias 2\u00aa Edi\u00e7\u00e3o, da TV TEM, afiliada da Rede Globo. A reportagem, intitulada &#8216;Estiagem prolongada prejudica produtores rurais da regi\u00e3o de Sorocaba&#8217;, tratou dos desafios enfrentados pelos produtores agr\u00edcolas devido \u00e0s ondas de calor, secas extremas e inc\u00eandios florestais.<br \/>\nO Prof. Medeiros comentou sobre a necessidade de desenvolver uma agricultura mais resiliente, que envolve o desenvolvimento de variedades de plantas mais resistentes \u00e0 seca por meio de pesquisas e do investimento em institutos especializados. Al\u00e9m disso, \u00e9 mencionada a import\u00e2ncia de mudar as pr\u00e1ticas de manejo agr\u00edcola para lidar com esses desafios clim\u00e1ticos.<\/p>\n<p><a href=\"https:\/\/g1.globo.com\/sp\/sorocaba-jundiai\/videos-tem-noticias-2-edicao\/\">Veja a mat\u00e9ria na \u00edntegra aqui!<\/a><\/p>","protected":false},"excerpt":{"rendered":"<p>O Prof. Dr. Gerson Medeiros, da Universidade Estadual Paulista (UNESP) e integrante do INCT NanoAgro, participou do TEM Not\u00edcias 2\u00aa Edi\u00e7\u00e3o, da TV TEM, afiliada da Rede Globo. A reportagem, intitulada &#8216;Estiagem prolongada prejudica produtores rurais da regi\u00e3o de Sorocaba&#8217;, tratou dos desafios enfrentados pelos produtores agr\u00edcolas devido \u00e0s ondas de calor, secas extremas e [&hellip;]<\/p>","protected":false},"author":1,"featured_media":1085,"comment_status":"closed","ping_status":"open","sticky":false,"template":"","format":"standard","meta":{"footnotes":""},"categories":[12,1],"tags":[],"class_list":["post-1083","post","type-post","status-publish","format-standard","has-post-thumbnail","hentry","category-na-midia","category-noticias"],"_links":{"self":[{"href":"https:\/\/inctnanoagro.com.br\/en\/wp-json\/wp\/v2\/posts\/1083","targetHints":{"allow":["GET"]}}],"collection":[{"href":"https:\/\/inctnanoagro.com.br\/en\/wp-json\/wp\/v2\/posts"}],"about":[{"href":"https:\/\/inctnanoagro.com.br\/en\/wp-json\/wp\/v2\/types\/post"}],"author":[{"embeddable":true,"href":"https:\/\/inctnanoagro.com.br\/en\/wp-json\/wp\/v2\/users\/1"}],"replies":[{"embeddable":true,"href":"https:\/\/inctnanoagro.com.br\/en\/wp-json\/wp\/v2\/comments?post=1083"}],"version-history":[{"count":1,"href":"https:\/\/inctnanoagro.com.br\/en\/wp-json\/wp\/v2\/posts\/1083\/revisions"}],"predecessor-version":[{"id":1086,"href":"https:\/\/inctnanoagro.com.br\/en\/wp-json\/wp\/v2\/posts\/1083\/revisions\/1086"}],"wp:featuredmedia":[{"embeddable":true,"href":"https:\/\/inctnanoagro.com.br\/en\/wp-json\/wp\/v2\/media\/1085"}],"wp:attachment":[{"href":"https:\/\/inctnanoagro.com.br\/en\/wp-json\/wp\/v2\/media?parent=1083"}],"wp:term":[{"taxonomy":"category","embeddable":true,"href":"https:\/\/inctnanoagro.com.br\/en\/wp-json\/wp\/v2\/categories?post=1083"},{"taxonomy":"post_tag","embeddable":true,"href":"https:\/\/inctnanoagro.com.br\/en\/wp-json\/wp\/v2\/tags?post=1083"}],"curies":[{"name":"wp","href":"https:\/\/api.w.org\/{rel}","templated":true}]}}