{"id":1041,"date":"2024-08-28T16:40:56","date_gmt":"2024-08-28T19:40:56","guid":{"rendered":"https:\/\/inctnanoagro.com.br\/?p=1041"},"modified":"2025-02-21T15:46:56","modified_gmt":"2025-02-21T18:46:56","slug":"prof-leonardo-fraceto-participa-da-acs-fall-2024-em-denver-nos-eua","status":"publish","type":"post","link":"https:\/\/inctnanoagro.com.br\/en\/prof-leonardo-fraceto-participa-da-acs-fall-2024-em-denver-nos-eua\/","title":{"rendered":"Prof. Leonardo Fraceto participa da ACS Fall 2024 em Denver, nos EUA"},"content":{"rendered":"<h3>Coordenador do INCT NanoAgro, Fraceto participou de reuni\u00f5es e apresentou palestra no evento<\/h3>\n<p>No per\u00edodo de 16 a 22 de agosto de 2024, o Prof. Leonardo Fraceto participou No Centro de Conven\u00e7\u00f5es em Denver, nos Estados Unidos, da reuni\u00e3o do<a href=\"https:\/\/www.acs.org\/about\/governance\/committees\/international-activities.html\"> ACS Committee on International Activities<\/a> do qual \u00e9 membro Associado e pode na oportunidade apresentar os avan\u00e7os do ACS Brazil Chapter para os membros do Comit\u00ea.<\/p>\n<p>Al\u00e9m desta a\u00e7\u00e3o, o Prof. Fraceto realizou apresenta\u00e7\u00e3o oral do trabalho \u201cNano-based herbicide formulations: from development to mechanisms of action\u201d na sess\u00e3o de AGRO: Formulation \u2013 Advances, Boundaries &amp; Future. Os resultados apresentados s\u00e3o de pesquisas realizadas no \u00e2mbito do INCTNanoAgro e do CEPID em Biodiversidade e Mudan\u00e7as Clim\u00e1ticas \u2013 <a href=\"https:\/\/www.cbioclima.org\/)\">CbioClima<\/a>.<\/p>\n<p><img fetchpriority=\"high\" decoding=\"async\" class=\"wp-image-1044 alignleft\" src=\"https:\/\/inctnanoagro.com.br\/wp-content\/uploads\/2024\/08\/2.jpeg\" alt=\"\" width=\"351\" height=\"468\" srcset=\"https:\/\/inctnanoagro.com.br\/wp-content\/uploads\/2024\/08\/2.jpeg 1200w, https:\/\/inctnanoagro.com.br\/wp-content\/uploads\/2024\/08\/2-225x300.jpeg 225w, https:\/\/inctnanoagro.com.br\/wp-content\/uploads\/2024\/08\/2-768x1024.jpeg 768w, https:\/\/inctnanoagro.com.br\/wp-content\/uploads\/2024\/08\/2-1152x1536.jpeg 1152w, https:\/\/inctnanoagro.com.br\/wp-content\/uploads\/2024\/08\/2-9x12.jpeg 9w\" sizes=\"(max-width: 351px) 100vw, 351px\" \/><\/p>\n<p>Ainda, durante o evento o Prof. Fraceto foi convidado para participar da atividade ACS Global Connect onde pode contar como tem sido a sua experi\u00eancia com a American Chemical Society ao longo dos anos.<\/p>\n<p>O ACS Fall \u00e9 um dos dois grandes eventos que a ACS promove nos EUA todos os anos. Na edi\u00e7\u00e3o deste ano estiveram presentes ao redor de 12 mil participantes com apresenta\u00e7\u00f5es em diferentes \u00e1reas do conhecimento. Al\u00e9m dos artigos t\u00e9cnicos, o ACS Fall 2024 ofereceu diversos eventos para que os participantes possam avan\u00e7ar na carreira, bem como, aprimorar suas habilidades de lideran\u00e7a.<\/p>\n<p>O Prof. Fraceto agradece ao Conselho\/Chefia do Departamento de Engenharia Ambiental e a Dire\u00e7\u00e3o\/Congrega\u00e7\u00e3o do Campus pela autoriza\u00e7\u00e3o para participa\u00e7\u00e3o neste evento uma vez que a participa\u00e7\u00e3o do Prof. Fraceto possibilitou a amplia\u00e7\u00e3o de colabora\u00e7\u00e3o cient\u00edfica com pesquisadores e membros da comunidade qu\u00edmica internacional, desta forma, contribuindo para o aumento da visibilidade da Unesp no cen\u00e1rio internacional. O Prof. Fraceto agradece ainda o suporte financeiro da ACS e FAPESP para que pudesse participar no evento.<\/p>\n<p>&nbsp;<\/p>\n<h5>Galeria de fotos<\/h5>\n<div id='gallery-1' class='gallery galleryid-1041 gallery-columns-4 gallery-size-thumbnail'><figure class='gallery-item'>\n\t\t\t<div class='gallery-icon portrait'>\n\t\t\t\t<a href='https:\/\/inctnanoagro.com.br\/en\/prof-leonardo-fraceto-participa-da-acs-fall-2024-em-denver-nos-eua\/1-2\/'><img decoding=\"async\" width=\"150\" height=\"150\" src=\"https:\/\/inctnanoagro.com.br\/wp-content\/uploads\/2024\/08\/1-150x150.jpeg\" class=\"attachment-thumbnail size-thumbnail\" alt=\"\" \/><\/a>\n\t\t\t<\/div><\/figure><figure class='gallery-item'>\n\t\t\t<div class='gallery-icon landscape'>\n\t\t\t\t<a href='https:\/\/inctnanoagro.com.br\/en\/prof-leonardo-fraceto-participa-da-acs-fall-2024-em-denver-nos-eua\/3-3\/'><img decoding=\"async\" width=\"150\" height=\"150\" src=\"https:\/\/inctnanoagro.com.br\/wp-content\/uploads\/2024\/08\/3-1-150x150.jpeg\" class=\"attachment-thumbnail size-thumbnail\" alt=\"\" \/><\/a>\n\t\t\t<\/div><\/figure><figure class='gallery-item'>\n\t\t\t<div class='gallery-icon portrait'>\n\t\t\t\t<a href='https:\/\/inctnanoagro.com.br\/en\/prof-leonardo-fraceto-participa-da-acs-fall-2024-em-denver-nos-eua\/4-3\/'><img loading=\"lazy\" decoding=\"async\" width=\"150\" height=\"150\" src=\"https:\/\/inctnanoagro.com.br\/wp-content\/uploads\/2024\/08\/4-150x150.jpeg\" class=\"attachment-thumbnail size-thumbnail\" alt=\"\" \/><\/a>\n\t\t\t<\/div><\/figure><figure class='gallery-item'>\n\t\t\t<div class='gallery-icon portrait'>\n\t\t\t\t<a href='https:\/\/inctnanoagro.com.br\/en\/prof-leonardo-fraceto-participa-da-acs-fall-2024-em-denver-nos-eua\/attachment\/5\/'><img loading=\"lazy\" decoding=\"async\" width=\"150\" height=\"150\" src=\"https:\/\/inctnanoagro.com.br\/wp-content\/uploads\/2024\/08\/5-150x150.jpeg\" class=\"attachment-thumbnail size-thumbnail\" alt=\"\" \/><\/a>\n\t\t\t<\/div><\/figure>\n\t\t<\/div>","protected":false},"excerpt":{"rendered":"<p>Coordenador do INCT NanoAgro, Fraceto participou de reuni\u00f5es e apresentou palestra no evento No per\u00edodo de 16 a 22 de agosto de 2024, o Prof. Leonardo Fraceto participou No Centro de Conven\u00e7\u00f5es em Denver, nos Estados Unidos, da reuni\u00e3o do ACS Committee on International Activities do qual \u00e9 membro Associado e pode na oportunidade apresentar [&hellip;]<\/p>","protected":false},"author":1,"featured_media":1042,"comment_status":"closed","ping_status":"open","sticky":false,"template":"","format":"standard","meta":{"footnotes":""},"categories":[37,1],"tags":[],"class_list":["post-1041","post","type-post","status-publish","format-standard","has-post-thumbnail","hentry","category-atividades-e-eventos","category-noticias"],"_links":{"self":[{"href":"https:\/\/inctnanoagro.com.br\/en\/wp-json\/wp\/v2\/posts\/1041","targetHints":{"allow":["GET"]}}],"collection":[{"href":"https:\/\/inctnanoagro.com.br\/en\/wp-json\/wp\/v2\/posts"}],"about":[{"href":"https:\/\/inctnanoagro.com.br\/en\/wp-json\/wp\/v2\/types\/post"}],"author":[{"embeddable":true,"href":"https:\/\/inctnanoagro.com.br\/en\/wp-json\/wp\/v2\/users\/1"}],"replies":[{"embeddable":true,"href":"https:\/\/inctnanoagro.com.br\/en\/wp-json\/wp\/v2\/comments?post=1041"}],"version-history":[{"count":3,"href":"https:\/\/inctnanoagro.com.br\/en\/wp-json\/wp\/v2\/posts\/1041\/revisions"}],"predecessor-version":[{"id":1051,"href":"https:\/\/inctnanoagro.com.br\/en\/wp-json\/wp\/v2\/posts\/1041\/revisions\/1051"}],"wp:featuredmedia":[{"embeddable":true,"href":"https:\/\/inctnanoagro.com.br\/en\/wp-json\/wp\/v2\/media\/1042"}],"wp:attachment":[{"href":"https:\/\/inctnanoagro.com.br\/en\/wp-json\/wp\/v2\/media?parent=1041"}],"wp:term":[{"taxonomy":"category","embeddable":true,"href":"https:\/\/inctnanoagro.com.br\/en\/wp-json\/wp\/v2\/categories?post=1041"},{"taxonomy":"post_tag","embeddable":true,"href":"https:\/\/inctnanoagro.com.br\/en\/wp-json\/wp\/v2\/tags?post=1041"}],"curies":[{"name":"wp","href":"https:\/\/api.w.org\/{rel}","templated":true}]}}